{"id":12,"date":"2019-05-21T15:49:52","date_gmt":"2019-05-21T14:49:52","guid":{"rendered":"http:\/\/masdeserra.com\/blog\/?p=12"},"modified":"2019-05-24T18:46:40","modified_gmt":"2019-05-24T16:46:40","slug":"vista-de-la-habitacion-avellan-en-360","status":"publish","type":"post","link":"https:\/\/masdeserra.com\/blog\/vista-de-la-habitacion-avellan-en-360\/","title":{"rendered":"Vista de la habitaci\u00f3n Avellana en foto panor\u00e1mica de 360\u00b0"},"content":{"rendered":"<p>Es de esperar que una mas\u00eda del siglo XII sea espaciosa. Es el caso del Mas de Serra que, manteniendo su estructura inicial, con el paso de los a\u00f1os se ha ido reformando hasta llegar a la distribuci\u00f3n actual. El plano de la primera planta puede verse en nuestra web en el apartado <a href=\"https:\/\/www.masdeserra.com\/mas.php\" target=\"_blank\" rel=\"noopener noreferrer\">La Mas\u00eda<\/a>.<\/p>\n<p>De las cuatro habitaciones con ba\u00f1o individual, la m\u00e1s amplia es la que tiene por nombre \u00abLa Avellana\u00bb, que hoy mostramos en una vista panor\u00e1mica de 360\u00b0 que permite ver que es la habitaci\u00f3n ideal para grupos y familias, ya que adem\u00e1s de la cama de matrimonio y las dos individuales que se ven en la foto hay otra m\u00e1s, separada por la puerta, visible en parte tambi\u00e9n en la foto y un ba\u00f1o completo.<\/p>\n<p>Puedes hacer zoom que te permitir\u00e1 ver detalles y tambi\u00e9n que dispone de aire acondicionado y televisi\u00f3n entre otros servicios.<\/p>\n<p>Esperamos que sea de tu agrado.<\/p>\n<p><iframe loading=\"lazy\" style=\"border: 0;\" src=\"https:\/\/www.google.com\/maps\/embed?pb=!4v1558441582619!6m8!1m7!1sCAoSLEFGMVFpcE1EV0JqcC1iaXZSTTBWeVpmSm1qS1J6eW5rbmVFZXF2NWdrRkdP!2m2!1d41.2154007!2d1.183385!3f10.963436137943228!4f-15.409023563576696!5f0.7820865974627469\" width=\"600\" height=\"450\" frameborder=\"0\" allowfullscreen=\"allowfullscreen\"><\/iframe><\/p>\n","protected":false},"excerpt":{"rendered":"<p>Es de esperar que una mas\u00eda del siglo XII sea espaciosa. Es el caso del Mas de Serra que, manteniendo su estructura inicial, con el paso de los a\u00f1os se ha ido reformando hasta llegar a la distribuci\u00f3n actual. El plano de la primera planta puede verse en nuestra web en el apartado La Mas\u00eda. [&hellip;]<\/p>\n","protected":false},"author":1,"featured_media":0,"comment_status":"open","ping_status":"closed","sticky":false,"template":"","format":"standard","meta":{"footnotes":""},"categories":[5,4],"tags":[],"class_list":["post-12","post","type-post","status-publish","format-standard","hentry","category-fotos","category-la-masia"],"yoast_head":"<!-- This site is optimized with the Yoast SEO plugin v27.3 - https:\/\/yoast.com\/product\/yoast-seo-wordpress\/ -->\n<title>Vista de la habitaci\u00f3n Avellana en foto panor\u00e1mica de 360\u00b0 - Blog del Mas de Serra<\/title>\n<meta name=\"robots\" content=\"index, follow, max-snippet:-1, max-image-preview:large, max-video-preview:-1\" \/>\n<link rel=\"canonical\" href=\"https:\/\/masdeserra.com\/blog\/vista-de-la-habitacion-avellan-en-360\/\" \/>\n<meta property=\"og:locale\" content=\"es_ES\" \/>\n<meta property=\"og:type\" content=\"article\" \/>\n<meta property=\"og:title\" content=\"Vista de la habitaci\u00f3n Avellana en foto panor\u00e1mica de 360\u00b0 - Blog del Mas de Serra\" \/>\n<meta property=\"og:description\" content=\"Es de esperar que una mas\u00eda del siglo XII sea espaciosa. Es el caso del Mas de Serra que, manteniendo su estructura inicial, con el paso de los a\u00f1os se ha ido reformando hasta llegar a la distribuci\u00f3n actual. El plano de la primera planta puede verse en nuestra web en el apartado La Mas\u00eda. [&hellip;]\" \/>\n<meta property=\"og:url\" content=\"https:\/\/masdeserra.com\/blog\/vista-de-la-habitacion-avellan-en-360\/\" \/>\n<meta property=\"og:site_name\" content=\"Blog del Mas de Serra\" \/>\n<meta property=\"article:published_time\" content=\"2019-05-21T14:49:52+00:00\" \/>\n<meta property=\"article:modified_time\" content=\"2019-05-24T16:46:40+00:00\" \/>\n<meta name=\"author\" content=\"Francesc Domingo\" \/>\n<meta name=\"twitter:card\" content=\"summary_large_image\" \/>\n<meta name=\"twitter:label1\" content=\"Escrito por\" \/>\n\t<meta name=\"twitter:data1\" content=\"Francesc Domingo\" \/>\n\t<meta name=\"twitter:label2\" content=\"Tiempo de lectura\" \/>\n\t<meta name=\"twitter:data2\" content=\"1 minuto\" \/>\n<script type=\"application\/ld+json\" class=\"yoast-schema-graph\">{\"@context\":\"https:\\\/\\\/schema.org\",\"@graph\":[{\"@type\":\"Article\",\"@id\":\"https:\\\/\\\/masdeserra.com\\\/blog\\\/vista-de-la-habitacion-avellan-en-360\\\/#article\",\"isPartOf\":{\"@id\":\"https:\\\/\\\/masdeserra.com\\\/blog\\\/vista-de-la-habitacion-avellan-en-360\\\/\"},\"author\":{\"name\":\"Francesc Domingo\",\"@id\":\"https:\\\/\\\/masdeserra.com\\\/blog\\\/#\\\/schema\\\/person\\\/0f4da4416348dd90843fcc30b9e4030b\"},\"headline\":\"Vista de la habitaci\u00f3n Avellana en foto panor\u00e1mica de 360\u00b0\",\"datePublished\":\"2019-05-21T14:49:52+00:00\",\"dateModified\":\"2019-05-24T16:46:40+00:00\",\"mainEntityOfPage\":{\"@id\":\"https:\\\/\\\/masdeserra.com\\\/blog\\\/vista-de-la-habitacion-avellan-en-360\\\/\"},\"wordCount\":180,\"commentCount\":0,\"articleSection\":[\"Fotos\",\"La Mas\u00eda\"],\"inLanguage\":\"es\",\"potentialAction\":[{\"@type\":\"CommentAction\",\"name\":\"Comment\",\"target\":[\"https:\\\/\\\/masdeserra.com\\\/blog\\\/vista-de-la-habitacion-avellan-en-360\\\/#respond\"]}]},{\"@type\":\"WebPage\",\"@id\":\"https:\\\/\\\/masdeserra.com\\\/blog\\\/vista-de-la-habitacion-avellan-en-360\\\/\",\"url\":\"https:\\\/\\\/masdeserra.com\\\/blog\\\/vista-de-la-habitacion-avellan-en-360\\\/\",\"name\":\"Vista de la habitaci\u00f3n Avellana en foto panor\u00e1mica de 360\u00b0 - Blog del Mas de Serra\",\"isPartOf\":{\"@id\":\"https:\\\/\\\/masdeserra.com\\\/blog\\\/#website\"},\"datePublished\":\"2019-05-21T14:49:52+00:00\",\"dateModified\":\"2019-05-24T16:46:40+00:00\",\"author\":{\"@id\":\"https:\\\/\\\/masdeserra.com\\\/blog\\\/#\\\/schema\\\/person\\\/0f4da4416348dd90843fcc30b9e4030b\"},\"breadcrumb\":{\"@id\":\"https:\\\/\\\/masdeserra.com\\\/blog\\\/vista-de-la-habitacion-avellan-en-360\\\/#breadcrumb\"},\"inLanguage\":\"es\",\"potentialAction\":[{\"@type\":\"ReadAction\",\"target\":[\"https:\\\/\\\/masdeserra.com\\\/blog\\\/vista-de-la-habitacion-avellan-en-360\\\/\"]}]},{\"@type\":\"BreadcrumbList\",\"@id\":\"https:\\\/\\\/masdeserra.com\\\/blog\\\/vista-de-la-habitacion-avellan-en-360\\\/#breadcrumb\",\"itemListElement\":[{\"@type\":\"ListItem\",\"position\":1,\"name\":\"Portada\",\"item\":\"https:\\\/\\\/masdeserra.com\\\/blog\\\/\"},{\"@type\":\"ListItem\",\"position\":2,\"name\":\"Vista de la habitaci\u00f3n Avellana en foto panor\u00e1mica de 360\u00b0\"}]},{\"@type\":\"WebSite\",\"@id\":\"https:\\\/\\\/masdeserra.com\\\/blog\\\/#website\",\"url\":\"https:\\\/\\\/masdeserra.com\\\/blog\\\/\",\"name\":\"Blog del Mas de Serra\",\"description\":\"Turismo Rural - Agroturismo - Residencia Casa de Pay\u00e9s - Cal\u00e7otadas\",\"potentialAction\":[{\"@type\":\"SearchAction\",\"target\":{\"@type\":\"EntryPoint\",\"urlTemplate\":\"https:\\\/\\\/masdeserra.com\\\/blog\\\/?s={search_term_string}\"},\"query-input\":{\"@type\":\"PropertyValueSpecification\",\"valueRequired\":true,\"valueName\":\"search_term_string\"}}],\"inLanguage\":\"es\"},{\"@type\":\"Person\",\"@id\":\"https:\\\/\\\/masdeserra.com\\\/blog\\\/#\\\/schema\\\/person\\\/0f4da4416348dd90843fcc30b9e4030b\",\"name\":\"Francesc Domingo\",\"image\":{\"@type\":\"ImageObject\",\"inLanguage\":\"es\",\"@id\":\"https:\\\/\\\/secure.gravatar.com\\\/avatar\\\/bfd7a78876e6a28f57203e8ff7b00be0c25b7109b6649a0714e3d15459921fb5?s=96&d=mm&r=g\",\"url\":\"https:\\\/\\\/secure.gravatar.com\\\/avatar\\\/bfd7a78876e6a28f57203e8ff7b00be0c25b7109b6649a0714e3d15459921fb5?s=96&d=mm&r=g\",\"contentUrl\":\"https:\\\/\\\/secure.gravatar.com\\\/avatar\\\/bfd7a78876e6a28f57203e8ff7b00be0c25b7109b6649a0714e3d15459921fb5?s=96&d=mm&r=g\",\"caption\":\"Francesc Domingo\"},\"url\":\"https:\\\/\\\/masdeserra.com\\\/blog\\\/author\\\/francesc\\\/\"}]}<\/script>\n<!-- \/ Yoast SEO plugin. -->","yoast_head_json":{"title":"Vista de la habitaci\u00f3n Avellana en foto panor\u00e1mica de 360\u00b0 - Blog del Mas de Serra","robots":{"index":"index","follow":"follow","max-snippet":"max-snippet:-1","max-image-preview":"max-image-preview:large","max-video-preview":"max-video-preview:-1"},"canonical":"https:\/\/masdeserra.com\/blog\/vista-de-la-habitacion-avellan-en-360\/","og_locale":"es_ES","og_type":"article","og_title":"Vista de la habitaci\u00f3n Avellana en foto panor\u00e1mica de 360\u00b0 - Blog del Mas de Serra","og_description":"Es de esperar que una mas\u00eda del siglo XII sea espaciosa. Es el caso del Mas de Serra que, manteniendo su estructura inicial, con el paso de los a\u00f1os se ha ido reformando hasta llegar a la distribuci\u00f3n actual. El plano de la primera planta puede verse en nuestra web en el apartado La Mas\u00eda. [&hellip;]","og_url":"https:\/\/masdeserra.com\/blog\/vista-de-la-habitacion-avellan-en-360\/","og_site_name":"Blog del Mas de Serra","article_published_time":"2019-05-21T14:49:52+00:00","article_modified_time":"2019-05-24T16:46:40+00:00","author":"Francesc Domingo","twitter_card":"summary_large_image","twitter_misc":{"Escrito por":"Francesc Domingo","Tiempo de lectura":"1 minuto"},"schema":{"@context":"https:\/\/schema.org","@graph":[{"@type":"Article","@id":"https:\/\/masdeserra.com\/blog\/vista-de-la-habitacion-avellan-en-360\/#article","isPartOf":{"@id":"https:\/\/masdeserra.com\/blog\/vista-de-la-habitacion-avellan-en-360\/"},"author":{"name":"Francesc Domingo","@id":"https:\/\/masdeserra.com\/blog\/#\/schema\/person\/0f4da4416348dd90843fcc30b9e4030b"},"headline":"Vista de la habitaci\u00f3n Avellana en foto panor\u00e1mica de 360\u00b0","datePublished":"2019-05-21T14:49:52+00:00","dateModified":"2019-05-24T16:46:40+00:00","mainEntityOfPage":{"@id":"https:\/\/masdeserra.com\/blog\/vista-de-la-habitacion-avellan-en-360\/"},"wordCount":180,"commentCount":0,"articleSection":["Fotos","La Mas\u00eda"],"inLanguage":"es","potentialAction":[{"@type":"CommentAction","name":"Comment","target":["https:\/\/masdeserra.com\/blog\/vista-de-la-habitacion-avellan-en-360\/#respond"]}]},{"@type":"WebPage","@id":"https:\/\/masdeserra.com\/blog\/vista-de-la-habitacion-avellan-en-360\/","url":"https:\/\/masdeserra.com\/blog\/vista-de-la-habitacion-avellan-en-360\/","name":"Vista de la habitaci\u00f3n Avellana en foto panor\u00e1mica de 360\u00b0 - Blog del Mas de Serra","isPartOf":{"@id":"https:\/\/masdeserra.com\/blog\/#website"},"datePublished":"2019-05-21T14:49:52+00:00","dateModified":"2019-05-24T16:46:40+00:00","author":{"@id":"https:\/\/masdeserra.com\/blog\/#\/schema\/person\/0f4da4416348dd90843fcc30b9e4030b"},"breadcrumb":{"@id":"https:\/\/masdeserra.com\/blog\/vista-de-la-habitacion-avellan-en-360\/#breadcrumb"},"inLanguage":"es","potentialAction":[{"@type":"ReadAction","target":["https:\/\/masdeserra.com\/blog\/vista-de-la-habitacion-avellan-en-360\/"]}]},{"@type":"BreadcrumbList","@id":"https:\/\/masdeserra.com\/blog\/vista-de-la-habitacion-avellan-en-360\/#breadcrumb","itemListElement":[{"@type":"ListItem","position":1,"name":"Portada","item":"https:\/\/masdeserra.com\/blog\/"},{"@type":"ListItem","position":2,"name":"Vista de la habitaci\u00f3n Avellana en foto panor\u00e1mica de 360\u00b0"}]},{"@type":"WebSite","@id":"https:\/\/masdeserra.com\/blog\/#website","url":"https:\/\/masdeserra.com\/blog\/","name":"Blog del Mas de Serra","description":"Turismo Rural - Agroturismo - Residencia Casa de Pay\u00e9s - Cal\u00e7otadas","potentialAction":[{"@type":"SearchAction","target":{"@type":"EntryPoint","urlTemplate":"https:\/\/masdeserra.com\/blog\/?s={search_term_string}"},"query-input":{"@type":"PropertyValueSpecification","valueRequired":true,"valueName":"search_term_string"}}],"inLanguage":"es"},{"@type":"Person","@id":"https:\/\/masdeserra.com\/blog\/#\/schema\/person\/0f4da4416348dd90843fcc30b9e4030b","name":"Francesc Domingo","image":{"@type":"ImageObject","inLanguage":"es","@id":"https:\/\/secure.gravatar.com\/avatar\/bfd7a78876e6a28f57203e8ff7b00be0c25b7109b6649a0714e3d15459921fb5?s=96&d=mm&r=g","url":"https:\/\/secure.gravatar.com\/avatar\/bfd7a78876e6a28f57203e8ff7b00be0c25b7109b6649a0714e3d15459921fb5?s=96&d=mm&r=g","contentUrl":"https:\/\/secure.gravatar.com\/avatar\/bfd7a78876e6a28f57203e8ff7b00be0c25b7109b6649a0714e3d15459921fb5?s=96&d=mm&r=g","caption":"Francesc Domingo"},"url":"https:\/\/masdeserra.com\/blog\/author\/francesc\/"}]}},"_links":{"self":[{"href":"https:\/\/masdeserra.com\/blog\/wp-json\/wp\/v2\/posts\/12","targetHints":{"allow":["GET"]}}],"collection":[{"href":"https:\/\/masdeserra.com\/blog\/wp-json\/wp\/v2\/posts"}],"about":[{"href":"https:\/\/masdeserra.com\/blog\/wp-json\/wp\/v2\/types\/post"}],"author":[{"embeddable":true,"href":"https:\/\/masdeserra.com\/blog\/wp-json\/wp\/v2\/users\/1"}],"replies":[{"embeddable":true,"href":"https:\/\/masdeserra.com\/blog\/wp-json\/wp\/v2\/comments?post=12"}],"version-history":[{"count":7,"href":"https:\/\/masdeserra.com\/blog\/wp-json\/wp\/v2\/posts\/12\/revisions"}],"predecessor-version":[{"id":31,"href":"https:\/\/masdeserra.com\/blog\/wp-json\/wp\/v2\/posts\/12\/revisions\/31"}],"wp:attachment":[{"href":"https:\/\/masdeserra.com\/blog\/wp-json\/wp\/v2\/media?parent=12"}],"wp:term":[{"taxonomy":"category","embeddable":true,"href":"https:\/\/masdeserra.com\/blog\/wp-json\/wp\/v2\/categories?post=12"},{"taxonomy":"post_tag","embeddable":true,"href":"https:\/\/masdeserra.com\/blog\/wp-json\/wp\/v2\/tags?post=12"}],"curies":[{"name":"wp","href":"https:\/\/api.w.org\/{rel}","templated":true}]}}